{"id":1040,"date":"2010-06-30T11:47:14","date_gmt":"2010-06-30T09:47:14","guid":{"rendered":"http:\/\/www.spokes.de\/?p=1040"},"modified":"2021-12-27T09:46:31","modified_gmt":"2021-12-27T07:46:31","slug":"triathlons-und-bergziegen","status":"publish","type":"post","link":"http:\/\/www.spokes.de\/?p=1040","title":{"rendered":"Triathlons und Bergziegen"},"content":{"rendered":"<p>Der Ironman Bericht wird niemals zu toppen sein und lange haben wir uns nicht getraut neue Artikel einzustellen, aber unser sportliches Leben ging weiter. W\u00e4hrend sich Alex noch mehr oder weniger in der Erholungsphase befindet, haben sich Moni und Mario bei einigen kleinen Events (alles ist im Vergleich zum Ironman klein) angestrengt.<\/p>\n<p><!--more--><\/p>\n<p>Mario hat am Gerolsteiner-Radfestival teilgenommen und ist den Marathon \u00fcber\u00a0207 km\u00a0und 3.457 H\u00f6henmeter in einer Rekordzeit\u00a0von 6:58 h gefahren. Platz 26!<\/p>\n<p>Am selben Tag hat Moni beim Berlin-Triathlon mitgemacht. 750 m Schwimmen in der Spree oder besser gesagt im Haifischbecken gingen schnell vorbei. Beim Radfahren war Windschattenfahren erlaubt und da Moni (weil sie beim Schwimmen so lange braucht) bald von den ersten M\u00e4nnern \u00fcberrundet wurde, hatte sie eine superschnelle Gruppe und einen 40er Schnitt auf dem Tacho. Laufen ging auch erstaunlich gut &#8211; nach 1:11 h belegte sie Platz 5 insgesamt und gewann ihre Altersklasse. Danke an Alex, Rosi, Arno, Anja, Stephan, Christine, Ruby, Silke, Lutz und Mona f\u00fcr&#8217;s Anfeuern und f\u00fcr die tollen Fotos!<\/p>\n<p style=\"text-align: center;\"><a href=\"http:\/\/www.spokes.de\/wp-content\/uploads\/2010\/06\/collage.jpg\"><img loading=\"lazy\" class=\"size-medium wp-image-1043 aligncenter\" src=\"http:\/\/www.spokes.de\/wp-content\/uploads\/2010\/06\/collage-300x200.jpg\" alt=\"\" width=\"300\" height=\"200\" srcset=\"http:\/\/www.spokes.de\/wp-content\/uploads\/2010\/06\/collage-300x200.jpg 300w, http:\/\/www.spokes.de\/wp-content\/uploads\/2010\/06\/collage-1024x685.jpg 1024w, http:\/\/www.spokes.de\/wp-content\/uploads\/2010\/06\/collage.jpg 1347w\" sizes=\"(max-width: 300px) 100vw, 300px\" \/><\/a><\/p>\n<p>Ein Wochenende sp\u00e4ter stand der Triathlon in Staudt f\u00fcr Moni und Mario auf dem Programm. Aber am Tag vorher hat unsere Bergziege (neuer \u00e4u\u00dfert passender Spitzname) Mario (m\u00e4\u00e4hhh) noch an einem kleinen Bergzeitfahren in Betzdorf teilgenommen. In seinem Lieblingsterrain belegte er den 3. Platz in seiner Altersklasse und konnte viele Lizenzfahrer hinter sich lassen. Die Beine waren davon noch etwas schwer am n\u00e4chsten Tag in Staudt. Mario und Moni kamen gemeinsam aus dem Wasser und dann trennten sich erstmal die Wege, da Mario zum Umziehen sage und schreibe 3 Minuten ben\u00f6tigte. Erst nach 8 km konnte er Moni auf der Radstrecke einholen, die konnte aber nicht dranbleiben. Nachdem sich beide unabh\u00e4ngig voneinander \u00fcber die Laufstrecke qu\u00e4lten, ergaben sich folgende Ergebnisse: Mario finishte in 1:07 h, das bedeutete Platz 45 insgesamt und Platz 3 in seiner Altersklasse. Moni finishte in 1:11 h, das bedeutete Platz 5 insgesamt und Platz 2 in\u00a0ihrer Altersklasse. Danke an Pasquale, Ulrike, Erwin, Gretel und Carina f\u00fcr&#8217;s Anfeuern. Immer noch im Ohr ist allen: &#8222;Mario, jetzt beeil dich doch mal!&#8220;, in der Wechselzone \ud83d\ude09 Vor 10 Jahren war Moni \u00fcbrigens bei diesem Wettkampf gut 7 Minuten schneller. Oh je, man wird \u00e4lter und langsamer.<\/p>\n<p style=\"text-align: center;\"><a href=\"http:\/\/www.spokes.de\/wp-content\/uploads\/2010\/06\/urkunde.jpg\"><img loading=\"lazy\" class=\"size-medium wp-image-1045 aligncenter\" src=\"http:\/\/www.spokes.de\/wp-content\/uploads\/2010\/06\/urkunde-225x300.jpg\" alt=\"\" width=\"225\" height=\"300\" srcset=\"http:\/\/www.spokes.de\/wp-content\/uploads\/2010\/06\/urkunde-225x300.jpg 225w, http:\/\/www.spokes.de\/wp-content\/uploads\/2010\/06\/urkunde-768x1024.jpg 768w, http:\/\/www.spokes.de\/wp-content\/uploads\/2010\/06\/urkunde.jpg 1200w\" sizes=\"(max-width: 225px) 100vw, 225px\" \/><\/a><\/p>\n","protected":false},"excerpt":{"rendered":"<p>Der Ironman Bericht wird niemals zu toppen sein und lange haben wir uns nicht getraut neue Artikel einzustellen, aber unser sportliches Leben ging weiter. W\u00e4hrend sich Alex noch mehr oder weniger in der Erholungsphase befindet, haben sich Moni und Mario &hellip; <a href=\"http:\/\/www.spokes.de\/?p=1040\">Weiterlesen <span class=\"meta-nav\">&rarr;<\/span><\/a><\/p>\n","protected":false},"author":3,"featured_media":1045,"comment_status":"closed","ping_status":"open","sticky":false,"template":"","format":"standard","meta":{"ngg_post_thumbnail":0},"categories":[1,8],"tags":[],"_links":{"self":[{"href":"http:\/\/www.spokes.de\/index.php?rest_route=\/wp\/v2\/posts\/1040"}],"collection":[{"href":"http:\/\/www.spokes.de\/index.php?rest_route=\/wp\/v2\/posts"}],"about":[{"href":"http:\/\/www.spokes.de\/index.php?rest_route=\/wp\/v2\/types\/post"}],"author":[{"embeddable":true,"href":"http:\/\/www.spokes.de\/index.php?rest_route=\/wp\/v2\/users\/3"}],"replies":[{"embeddable":true,"href":"http:\/\/www.spokes.de\/index.php?rest_route=%2Fwp%2Fv2%2Fcomments&post=1040"}],"version-history":[{"count":11,"href":"http:\/\/www.spokes.de\/index.php?rest_route=\/wp\/v2\/posts\/1040\/revisions"}],"predecessor-version":[{"id":1121,"href":"http:\/\/www.spokes.de\/index.php?rest_route=\/wp\/v2\/posts\/1040\/revisions\/1121"}],"wp:featuredmedia":[{"embeddable":true,"href":"http:\/\/www.spokes.de\/index.php?rest_route=\/wp\/v2\/media\/1045"}],"wp:attachment":[{"href":"http:\/\/www.spokes.de\/index.php?rest_route=%2Fwp%2Fv2%2Fmedia&parent=1040"}],"wp:term":[{"taxonomy":"category","embeddable":true,"href":"http:\/\/www.spokes.de\/index.php?rest_route=%2Fwp%2Fv2%2Fcategories&post=1040"},{"taxonomy":"post_tag","embeddable":true,"href":"http:\/\/www.spokes.de\/index.php?rest_route=%2Fwp%2Fv2%2Ftags&post=1040"}],"curies":[{"name":"wp","href":"https:\/\/api.w.org\/{rel}","templated":true}]}}