{"id":1141,"date":"2010-08-02T06:37:20","date_gmt":"2010-08-02T04:37:20","guid":{"rendered":"http:\/\/www.spokes.de\/?p=1141"},"modified":"2021-12-27T09:46:18","modified_gmt":"2021-12-27T07:46:18","slug":"radmarathon-rund-um-bonn","status":"publish","type":"post","link":"http:\/\/www.spokes.de\/?p=1141","title":{"rendered":"Radmarathon &#8222;Rund um Bonn&#8220;"},"content":{"rendered":"<p>Mit dem Flieger (!) bin ich in den Westerwald gereist um beim Radmarathon &#8222;Rund um Bonn&#8220; an den Start zu gehen. Da f\u00fchlt man sich schon fast wie ein Profi. Haha.<br \/>\nAm Start stand das bew\u00e4hrte Transalp Team: Ramona, Erwin, Supermario und ich. 217 km und knapp \u00fcber 2.800 H\u00f6henmeter standen auf dem Programm.<\/p>\n<p><!--more-->Der Marathon war der letzte Formtest vor dem \u00d6tzi. Nun, wir sind alle ganz gut drauf. Aber beim \u00d6tzi werden wir wohl den einen oder anderen Ortsschildsprint auslassen m\u00fcssen, um noch genug Energie f\u00fcr die doch etwas l\u00e4ngeren Anstiege zu haben.<br \/>\nEs macht keinen Spa\u00df mehr mit Supermario zu fahren. Letztes Jahr musste ich nur 80km dr\u00fccken und dann konnte ich fast jedes Ortsschild gewinnen. Inzwischen ist Mario aber so stark geworden, dass ich mehr als 200km (!) fahren muss um eine Chance auf den Sieg zu haben! Haha.<br \/>\nMan sieht in der Auswertung im untersten Diagramm deutlich, dass die wirklich harten und schnellen Sprints erst ab Kilometer 180 kamen (die blaue Linie zeigt wie hart wir in die Pedale getreten haben).<\/p>\n<p>Die Strecke war landschaftlich sehr sch\u00f6n und es ging sogar 2x mit der F\u00e4hre \u00fcber den Rhein. Hier konnte man kurz verschnaufen.<br \/>\nEs war nicht die Durchschnittsgeschwindigkeit sondern die vielen Antritte die mich m\u00fcrbe gemacht haben. Im Ziel war ich wirklich fertig&#8230;<\/p>\n<p><a href=\"http:\/\/www.spokes.de\/wp-content\/uploads\/2010\/08\/RundUmBonn2010.jpg\"><img loading=\"lazy\" class=\"aligncenter size-large wp-image-1146\" title=\"RundUmBonn2010\" src=\"http:\/\/www.spokes.de\/wp-content\/uploads\/2010\/08\/RundUmBonn2010-1024x881.jpg\" alt=\"\" width=\"640\" height=\"550\" srcset=\"http:\/\/www.spokes.de\/wp-content\/uploads\/2010\/08\/RundUmBonn2010-1024x881.jpg 1024w, http:\/\/www.spokes.de\/wp-content\/uploads\/2010\/08\/RundUmBonn2010-300x258.jpg 300w, http:\/\/www.spokes.de\/wp-content\/uploads\/2010\/08\/RundUmBonn2010.jpg 1090w\" sizes=\"(max-width: 640px) 100vw, 640px\" \/><\/a><\/p>\n","protected":false},"excerpt":{"rendered":"<p>Mit dem Flieger (!) bin ich in den Westerwald gereist um beim Radmarathon &#8222;Rund um Bonn&#8220; an den Start zu gehen. Da f\u00fchlt man sich schon fast wie ein Profi. Haha. Am Start stand das bew\u00e4hrte Transalp Team: Ramona, Erwin, &hellip; <a href=\"http:\/\/www.spokes.de\/?p=1141\">Weiterlesen <span class=\"meta-nav\">&rarr;<\/span><\/a><\/p>\n","protected":false},"author":2,"featured_media":1143,"comment_status":"closed","ping_status":"open","sticky":false,"template":"","format":"standard","meta":{"ngg_post_thumbnail":0},"categories":[1],"tags":[],"_links":{"self":[{"href":"http:\/\/www.spokes.de\/index.php?rest_route=\/wp\/v2\/posts\/1141"}],"collection":[{"href":"http:\/\/www.spokes.de\/index.php?rest_route=\/wp\/v2\/posts"}],"about":[{"href":"http:\/\/www.spokes.de\/index.php?rest_route=\/wp\/v2\/types\/post"}],"author":[{"embeddable":true,"href":"http:\/\/www.spokes.de\/index.php?rest_route=\/wp\/v2\/users\/2"}],"replies":[{"embeddable":true,"href":"http:\/\/www.spokes.de\/index.php?rest_route=%2Fwp%2Fv2%2Fcomments&post=1141"}],"version-history":[{"count":5,"href":"http:\/\/www.spokes.de\/index.php?rest_route=\/wp\/v2\/posts\/1141\/revisions"}],"predecessor-version":[{"id":2660,"href":"http:\/\/www.spokes.de\/index.php?rest_route=\/wp\/v2\/posts\/1141\/revisions\/2660"}],"wp:featuredmedia":[{"embeddable":true,"href":"http:\/\/www.spokes.de\/index.php?rest_route=\/wp\/v2\/media\/1143"}],"wp:attachment":[{"href":"http:\/\/www.spokes.de\/index.php?rest_route=%2Fwp%2Fv2%2Fmedia&parent=1141"}],"wp:term":[{"taxonomy":"category","embeddable":true,"href":"http:\/\/www.spokes.de\/index.php?rest_route=%2Fwp%2Fv2%2Fcategories&post=1141"},{"taxonomy":"post_tag","embeddable":true,"href":"http:\/\/www.spokes.de\/index.php?rest_route=%2Fwp%2Fv2%2Ftags&post=1141"}],"curies":[{"name":"wp","href":"https:\/\/api.w.org\/{rel}","templated":true}]}}