{"id":1164,"date":"2010-08-15T13:33:41","date_gmt":"2010-08-15T11:33:41","guid":{"rendered":"http:\/\/www.spokes.de\/?p=1164"},"modified":"2021-12-27T09:46:07","modified_gmt":"2021-12-27T07:46:07","slug":"morsbachman-2010","status":"publish","type":"post","link":"http:\/\/www.spokes.de\/?p=1164","title":{"rendered":"M\u00f6rsbachman 2010"},"content":{"rendered":"<p>Der M\u00f6rsbachman im Westerwald steht jedes Jahr fest in unserem Terminkalender. Die Anreise war diesmal sehr anstrengend. Bereits in Magdeburg standen wir zum ersten mal im Stau und waren kurz davor frustriert umzudrehen. Aber wir haben uns tapfer durchgek\u00e4mpft und sind gegen 1 Uhr nachts endlich im Westerwald angekommen.<\/p>\n<p><!--more--><\/p>\n<p>Entgegen allen Wetterprognosen hatten wir am Wettkampftag strahlenden Sonnenschein. Der M\u00f6rsbachman ist ein Sprint Triathlon mit Einzelstarts (!) \u00a0und mit ungew\u00f6hnlichen Distanzen: 300m Schwimmen, 22km Radfahren, 6km Laufen. Das Schwimmen im Freibad ist l\u00e4cherlich kurz verglichen zur sehr h\u00fcgeligen Radstrecke und der extrem bergigen Laufstrecke.<\/p>\n<p>Dieses Jahr hatten wir uns eine ganz spezielle Taktik ausgedacht. Moni und Supermario starten knapp 3 Minuten vor mir (Einzelstarts!). Beim Schwimmen und beim Wechsel sollte ich dann etwas Zeit gut machen k\u00f6nnen, so dass wir uns beim Radfahren sehen k\u00f6nnen. Und genauso ist es dann auch abgelaufen. Fast 2 Minuten habe ich bereits im Becken gut machen k\u00f6nnen. Am ersten Berg konnte ich dann an Moni ranfahren und auch vorbeiziehen. Mario konnte ich etwa 200m vor mir sehen, aber der k\u00e4mpfte verbissen und ich kam einfach nicht n\u00e4her. Die kurvenreiche und wirklich bergige Strecke kannten wir beide auswendig. Man konnte also sch\u00f6n durch die Kurven fetzen und mit Schwung an den anderen Athleten vorbei d\u00fcsen. Erst im letzten Drittel kam ich n\u00e4her an Mario ran. Jetzt ging es um alles. Mit 200% Druck habe ich mich den Berg hochgek\u00e4mpft und zog (endlich) an Supermario vorbei. Aber an absch\u00fctteln war nicht zu denken. Meine Beine brannten wie H\u00f6lle! Auf den letzten Kilometern konnte ich noch ein paar Meter gut machen, aber Mario fuhr einfach saustark heute.<\/p>\n<p>Das Laufen hatte ich mal wieder verdr\u00e4ngt. Entsprechend tr\u00e4ge bewegte ich mich auf die Laufstrecke. Die n\u00e4chsten 6 Kilometer erinnern mich immer wieder an den MountainMan in Seefeld (\u00d6sterreich). Zwar geht es hier keine Skipiste hinauf, aber die Steigungen sind genauso extrem. Wer hier noch laufen kann ist echt gut drauf. Die meisten m\u00fcssen hier gehen. Ich hatte das Gef\u00fchl ich klebe am Boden (bl\u00f6de Schwerkraft!). Hoffentlich kommt Mario jetzt nicht von hinten. Den letzten Kilometer ins Ziel ging es nat\u00fcrlich auch wieder bergauf! Mit letzter Kraft qu\u00e4lte ich mich ins Ziel. Uff!! Mario lief ein super Rennen und kam nur knapp hinter mir ins Ziel.<\/p>\n<p>Moni war sehr stark heute und nur knapp langsamer als letztes Jahr. Allerdings hat man durch die ver\u00e4nderte Wechselzone dieses Jahr fast 1 Minute l\u00e4nger f\u00fcr den ersten Wechsel ben\u00f6tigt.<br \/>\nMeine Zeit war auch langsamer als im letzten Jahr. Zwar war ich auf dem Rad \u00fcber eine Minute schneller, aber ich verlor\u00a0Zeit beim Wechsel und beim Laufen war ich \u00fcber 2 Minuten langsamer. Grr!<br \/>\nSupermario hat seinem Namen alle Ehre gemacht und sich um ganze 4 Minuten (!!) verbessert. Respekt!<\/p>\n<p>Ergebnisse auf <a href=\"http:\/\/www.moersbachman.de\" target=\"_blank\" rel=\"noopener\">www.moersbachman.de<\/a><\/p>\n<p><a href=\"http:\/\/www.spokes.de\/wp-content\/uploads\/2010\/08\/Moersbachman_100814.jpg\"><img loading=\"lazy\" class=\"aligncenter size-large wp-image-1171\" title=\"Moersbachman_100814\" src=\"http:\/\/www.spokes.de\/wp-content\/uploads\/2010\/08\/Moersbachman_100814-1024x654.jpg\" alt=\"\" width=\"640\" height=\"408\" srcset=\"http:\/\/www.spokes.de\/wp-content\/uploads\/2010\/08\/Moersbachman_100814-1024x654.jpg 1024w, http:\/\/www.spokes.de\/wp-content\/uploads\/2010\/08\/Moersbachman_100814-300x191.jpg 300w, http:\/\/www.spokes.de\/wp-content\/uploads\/2010\/08\/Moersbachman_100814.jpg 1089w\" sizes=\"(max-width: 640px) 100vw, 640px\" \/><\/a><\/p>\n<p style=\"text-align: center;\">Nein, die &#8222;Zacken&#8220; sind keine Ortschildsprints. Diesmal nicht! \ud83d\ude09<\/p>\n","protected":false},"excerpt":{"rendered":"<p>Der M\u00f6rsbachman im Westerwald steht jedes Jahr fest in unserem Terminkalender. Die Anreise war diesmal sehr anstrengend. Bereits in Magdeburg standen wir zum ersten mal im Stau und waren kurz davor frustriert umzudrehen. Aber wir haben uns tapfer durchgek\u00e4mpft und &hellip; <a href=\"http:\/\/www.spokes.de\/?p=1164\">Weiterlesen <span class=\"meta-nav\">&rarr;<\/span><\/a><\/p>\n","protected":false},"author":2,"featured_media":1165,"comment_status":"closed","ping_status":"open","sticky":false,"template":"","format":"standard","meta":{"ngg_post_thumbnail":0},"categories":[8],"tags":[],"_links":{"self":[{"href":"http:\/\/www.spokes.de\/index.php?rest_route=\/wp\/v2\/posts\/1164"}],"collection":[{"href":"http:\/\/www.spokes.de\/index.php?rest_route=\/wp\/v2\/posts"}],"about":[{"href":"http:\/\/www.spokes.de\/index.php?rest_route=\/wp\/v2\/types\/post"}],"author":[{"embeddable":true,"href":"http:\/\/www.spokes.de\/index.php?rest_route=\/wp\/v2\/users\/2"}],"replies":[{"embeddable":true,"href":"http:\/\/www.spokes.de\/index.php?rest_route=%2Fwp%2Fv2%2Fcomments&post=1164"}],"version-history":[{"count":10,"href":"http:\/\/www.spokes.de\/index.php?rest_route=\/wp\/v2\/posts\/1164\/revisions"}],"predecessor-version":[{"id":1169,"href":"http:\/\/www.spokes.de\/index.php?rest_route=\/wp\/v2\/posts\/1164\/revisions\/1169"}],"wp:featuredmedia":[{"embeddable":true,"href":"http:\/\/www.spokes.de\/index.php?rest_route=\/wp\/v2\/media\/1165"}],"wp:attachment":[{"href":"http:\/\/www.spokes.de\/index.php?rest_route=%2Fwp%2Fv2%2Fmedia&parent=1164"}],"wp:term":[{"taxonomy":"category","embeddable":true,"href":"http:\/\/www.spokes.de\/index.php?rest_route=%2Fwp%2Fv2%2Fcategories&post=1164"},{"taxonomy":"post_tag","embeddable":true,"href":"http:\/\/www.spokes.de\/index.php?rest_route=%2Fwp%2Fv2%2Ftags&post=1164"}],"curies":[{"name":"wp","href":"https:\/\/api.w.org\/{rel}","templated":true}]}}