{"id":1178,"date":"2010-08-30T18:37:16","date_gmt":"2010-08-30T16:37:16","guid":{"rendered":"http:\/\/www.spokes.de\/?p=1178"},"modified":"2021-12-27T09:46:00","modified_gmt":"2021-12-27T07:46:00","slug":"otztaler-radmarathon-2010-2","status":"publish","type":"post","link":"http:\/\/www.spokes.de\/?p=1178","title":{"rendered":"\u00d6tztaler Radmarathon 2010"},"content":{"rendered":"<p>&#8222;Dein Traum ging in Erf\u00fcllung&#8220; steht auf der Urkunde. Und wirklich, wir sind sehr stolz, dass wir ins Ziel gekommen sind. Mario, Alex, Erwin und\u00a0ich haben es geschafft. Wir sind \u00d6tzi-Finisher!\u00a0Aber f\u00fcr mich pers\u00f6nlich geh\u00f6rt dieser Radmarathon in die Kategorie &#8222;Ein Mal und nie wieder.&#8220; Es war wirklich sehr anstrengend, allein die lange Zeit, die man auf dem Fahrrad verbringt.<\/p>\n<p><!--more-->Ich jedenfalls habe nie zuvor mehr als 11 Stunden auf meinem Fahrrad verbracht. Und nat\u00fcrlich noch nie\u00a05.500 H\u00f6henmeter an einem Tag absolviert. Ich bewundere jeden, der ins Ziel gekommen ist. Die gesamte Veranstaltung ist ein unvergessliches Erlebnis.<\/p>\n<p>Danke an Carina f\u00fcr&#8217;s Betreuen und 1000 Dank an Papa, dass du mir zuliebe nocheinmal beim \u00d6tzi gestartet bist.<br \/>\nDenn schon vor 15 Jahren war er sich sicher: Ein Mal und nie wieder.<\/p>\n","protected":false},"excerpt":{"rendered":"<p>&#8222;Dein Traum ging in Erf\u00fcllung&#8220; steht auf der Urkunde. Und wirklich, wir sind sehr stolz, dass wir ins Ziel gekommen sind. Mario, Alex, Erwin und\u00a0ich haben es geschafft. Wir sind \u00d6tzi-Finisher!\u00a0Aber f\u00fcr mich pers\u00f6nlich geh\u00f6rt dieser Radmarathon in die Kategorie &hellip; <a href=\"http:\/\/www.spokes.de\/?p=1178\">Weiterlesen <span class=\"meta-nav\">&rarr;<\/span><\/a><\/p>\n","protected":false},"author":3,"featured_media":1189,"comment_status":"closed","ping_status":"open","sticky":false,"template":"","format":"standard","meta":{"ngg_post_thumbnail":0},"categories":[1],"tags":[],"_links":{"self":[{"href":"http:\/\/www.spokes.de\/index.php?rest_route=\/wp\/v2\/posts\/1178"}],"collection":[{"href":"http:\/\/www.spokes.de\/index.php?rest_route=\/wp\/v2\/posts"}],"about":[{"href":"http:\/\/www.spokes.de\/index.php?rest_route=\/wp\/v2\/types\/post"}],"author":[{"embeddable":true,"href":"http:\/\/www.spokes.de\/index.php?rest_route=\/wp\/v2\/users\/3"}],"replies":[{"embeddable":true,"href":"http:\/\/www.spokes.de\/index.php?rest_route=%2Fwp%2Fv2%2Fcomments&post=1178"}],"version-history":[{"count":12,"href":"http:\/\/www.spokes.de\/index.php?rest_route=\/wp\/v2\/posts\/1178\/revisions"}],"predecessor-version":[{"id":2657,"href":"http:\/\/www.spokes.de\/index.php?rest_route=\/wp\/v2\/posts\/1178\/revisions\/2657"}],"wp:featuredmedia":[{"embeddable":true,"href":"http:\/\/www.spokes.de\/index.php?rest_route=\/wp\/v2\/media\/1189"}],"wp:attachment":[{"href":"http:\/\/www.spokes.de\/index.php?rest_route=%2Fwp%2Fv2%2Fmedia&parent=1178"}],"wp:term":[{"taxonomy":"category","embeddable":true,"href":"http:\/\/www.spokes.de\/index.php?rest_route=%2Fwp%2Fv2%2Fcategories&post=1178"},{"taxonomy":"post_tag","embeddable":true,"href":"http:\/\/www.spokes.de\/index.php?rest_route=%2Fwp%2Fv2%2Ftags&post=1178"}],"curies":[{"name":"wp","href":"https:\/\/api.w.org\/{rel}","templated":true}]}}