{"id":1369,"date":"2011-06-06T18:02:54","date_gmt":"2011-06-06T16:02:54","guid":{"rendered":"http:\/\/www.spokes.de\/?p=1369"},"modified":"2021-12-27T09:44:44","modified_gmt":"2021-12-27T07:44:44","slug":"hillclimber","status":"publish","type":"post","link":"http:\/\/www.spokes.de\/?p=1369","title":{"rendered":"Der Glockenk\u00f6nig"},"content":{"rendered":"<p>Da der eigentlich schon sichergeglaubte Saisonh\u00f6hepunkt &#8222;\u00d6ztaler &#8211; Teil 2&#8220; bereits nach der ersten Startplatzverlosung im M\u00e4rz wie eine Seifenblase zerplatzt war, musste f\u00fcr dieses Jahr ein neues Ziel gesteckt werden.<\/p>\n<p><!--more-->Trotz 9 Std. und 760 KM langer Anreise (760Km) musste ich beim 27 km langen Bergzeitfahren mit 1694HM am Grossglockner unbedingt mitmischen. Gemeldet waren knapp 2800 Starter wovon ca. 400 mit einer Vorjahreszeit unter 2:00 Std. bzw. 1:45 Std. die ersten beiden Startbl\u00f6cke best\u00fccken durften. Alle anderen durften sich mit Startblock 3 begn\u00fcgen. Um nicht das\u00a0 gleiche &#8222;Debakel&#8220; wie im Vorjahr beim \u00d6tzi (Stra\u00dfensperre durch sehr langsame Bergfahrer =\/) zu erleben wollte ich m\u00f6glichst weit vorne im Startblock stehen. Aber bereits eine knappe Stunde vor dem Start, war der Block bereits halb gef\u00fcllt. (Kreisch!!Blankes entsetzen!!!Ich sah mein angestrebtes Ziel, unter 1:45 Std. zu bleiben schwinden&#8230;)<\/p>\n<p>Punkt 7 Uhr ging es dann endlich los. In den ersten- wenn man es so nennen kann- &#8222;flachen&#8220; 7 km wurde, sofern m\u00f6glich,\u00a0 Vollgas gefahren um viele Pl\u00e4tze gutzumachen. Leider war die Fahrweise aber auch sehr unrhytmisch und kraftraubend. Immerhin bewahrheiteten sich meine schlimmsten &#8222;Stau-bef\u00fcrchtungen&#8220; nicht. Schlie\u00dflich ging es in den Berg. Mit anf\u00e4nglich 4-8% Steigung auf den n\u00e4chsten 7 km bis zur Mautstelle Ferleiten war nun Vorlieb zu nehmen. Danach kam es jedoch kn\u00fcppelhart: Die n\u00e4chsten und gleichzeitig letzten 13KM mit ausschlie\u00dflich 10-12% waren zum &#8222;schwarzfahren&#8220; bestens\u00a0 geeignet. Ab Erreichen der Baumgrenze blie\u00df einem dann zus\u00e4tzlich ein so starker Wind\u00a0 ins Gesicht, dass man fasst zum Stillstand gebracht wurde. Dennoch wurden weiterhin viele Pl\u00e4tze gutgemacht. Leider sollte aber auch dieses Rennen nicht ohne den fasst schon obligatorischen Fauxpas beendet werden&#8230;, denn \u00e4rgerlicherweise fiel mir beim Umschalten des Tachos, derselbe aus der Halterung auf den Boden, was eine peinliche &#8222;Ehrenrunde&#8220; mit erneuter Anfahrt bei 12% Steigung mit sich brachte. Wie d\u00e4mlich!!! =) &#8230;Etwas \u00fcberm\u00fctig und verfr\u00fcht erfolgte dann kurz vorm Gipfel der Versuch eines Schlusssprints (siehe Auswertung) =))) Es geht halt ohne Ortsschilder nicht! Hehe!!!<\/p>\n<p>Letztendlich wurde der Grossglockner aber dennoch in passablen 1:38 Std. bezwungen. Anschlie\u00dfend ging es zufrieden und k.o. auf eine lange Heimfahrt&#8230;<\/p>\n<p>Ein Danke gilt an meine pers\u00f6nliche Betreuerin Carina, die trotz Winterkleidung am Gipfel frieren musste =) und den Grossglockner Spezialisten Jens, der einige Insider Tipps f\u00fcr mich hatte.<\/p>\n<p><a href=\"http:\/\/www.spokes.de\/wp-content\/uploads\/2011\/06\/Gro\u00dfglocknerk\u00f6nig.bmp\"><img class=\"alignleft size-full wp-image-1381\" src=\"http:\/\/www.spokes.de\/wp-content\/uploads\/2011\/06\/Gro\u00dfglocknerk\u00f6nig.bmp\" alt=\"\" \/><\/a><\/p>\n","protected":false},"excerpt":{"rendered":"<p>Da der eigentlich schon sichergeglaubte Saisonh\u00f6hepunkt &#8222;\u00d6ztaler &#8211; Teil 2&#8220; bereits nach der ersten Startplatzverlosung im M\u00e4rz wie eine Seifenblase zerplatzt war, musste f\u00fcr dieses Jahr ein neues Ziel gesteckt werden.<\/p>\n","protected":false},"author":4,"featured_media":1389,"comment_status":"closed","ping_status":"open","sticky":false,"template":"","format":"standard","meta":{"ngg_post_thumbnail":0},"categories":[1],"tags":[],"_links":{"self":[{"href":"http:\/\/www.spokes.de\/index.php?rest_route=\/wp\/v2\/posts\/1369"}],"collection":[{"href":"http:\/\/www.spokes.de\/index.php?rest_route=\/wp\/v2\/posts"}],"about":[{"href":"http:\/\/www.spokes.de\/index.php?rest_route=\/wp\/v2\/types\/post"}],"author":[{"embeddable":true,"href":"http:\/\/www.spokes.de\/index.php?rest_route=\/wp\/v2\/users\/4"}],"replies":[{"embeddable":true,"href":"http:\/\/www.spokes.de\/index.php?rest_route=%2Fwp%2Fv2%2Fcomments&post=1369"}],"version-history":[{"count":16,"href":"http:\/\/www.spokes.de\/index.php?rest_route=\/wp\/v2\/posts\/1369\/revisions"}],"predecessor-version":[{"id":1392,"href":"http:\/\/www.spokes.de\/index.php?rest_route=\/wp\/v2\/posts\/1369\/revisions\/1392"}],"wp:featuredmedia":[{"embeddable":true,"href":"http:\/\/www.spokes.de\/index.php?rest_route=\/wp\/v2\/media\/1389"}],"wp:attachment":[{"href":"http:\/\/www.spokes.de\/index.php?rest_route=%2Fwp%2Fv2%2Fmedia&parent=1369"}],"wp:term":[{"taxonomy":"category","embeddable":true,"href":"http:\/\/www.spokes.de\/index.php?rest_route=%2Fwp%2Fv2%2Fcategories&post=1369"},{"taxonomy":"post_tag","embeddable":true,"href":"http:\/\/www.spokes.de\/index.php?rest_route=%2Fwp%2Fv2%2Ftags&post=1369"}],"curies":[{"name":"wp","href":"https:\/\/api.w.org\/{rel}","templated":true}]}}