{"id":1592,"date":"2013-05-15T11:37:52","date_gmt":"2013-05-15T09:37:52","guid":{"rendered":"http:\/\/www.spokes.de\/?p=1592"},"modified":"2021-12-27T09:43:42","modified_gmt":"2021-12-27T07:43:42","slug":"9-monate-erziehungsurlaub-fur-papa","status":"publish","type":"post","link":"http:\/\/www.spokes.de\/?p=1592","title":{"rendered":"9 Monate Erziehungsurlaub f\u00fcr Papa"},"content":{"rendered":"<p>Damit Stephan weiss, was auf ihn drauf zu kommt, habe ich schnell mal ein paar Zeilen getippt.<br \/>\nSo ein kleiner Wurm ver\u00e4ndert alles. Man muss sich zwar in einigen Bereichen einschr\u00e4nken, aber es lohnt sich&#8230;<br \/>\n\ud83d\ude42<\/p>\n<p><!--more-->Das waren definitiv die intensivsten und spannendsten 9 Monate meines Lebens. In den ersten Wochen musste ich erstmal den Rhythmus finden, aber dann waren Zo\u00e9 und ich ein eingespieltes Team. Nat\u00fcrlich gab es Hochs und Tiefs, aber wenn ich mir die Fotos anschaue, dann lacht Zo\u00e9 (fast) immer. Die Zeit mit Papa scheint ihr also ganz gut gefallen zu haben \ud83d\ude42<\/p>\n<p>Nicht jeder Arbeitsgeber stimmt der Elternzeit zu, umso mehr habe ich mich gefreut, dass ich diese M\u00f6glichkeit bekommen habe.<\/p>\n<p>Wie bereitet man sich darauf vor? Viele B\u00fccher habe ich nicht gelesen. M\u00e4nner gehen da anders ran als Frauen. M\u00e4nner sind unkomplizierter. M\u00e4nner entwickeln ihre eigene Technik beim Windelwechseln, F\u00fcttern usw. Und es klappt auch ohne den hundertsten Elternratgeber gelesen zu haben.<\/p>\n<p>Richtig sch\u00f6n wurde die Zeit als Zo\u00e9 1\/2 Jahr alt war. Endlich konnte ich sie in den Fahrradanh\u00e4nger packen oder eine Runde im Babyjogger drehen. Besonders Mountainbiken macht Zo\u00e9 Spa\u00df. Allerdings sollte man nicht mit dem Kind ins Gel\u00e4nde gehen bevor es mind. 6 Monate als ist bzw. die Wirbels\u00e4ule kr\u00e4ftig genug entwickelt ist, um keinen Schaden zu nehmen. Ein gut gefederter Anh\u00e4nger ist Pflicht. Am besten ist der Singletrailer mit soften 30 cm Federweg und nur einem Rad. Damit passt man auch auf den schmalsten Singletrail. Kleine Schleichwerbung am Rande, den Singletrailer kann man bei mir <a title=\"Singletrailer\" href=\"http:\/\/www.bikepro.de\/de\/Kids\/tout-terrain-Singletrailer-Kinderanhaenger\" target=\"_blank\" rel=\"noopener\">kaufen<\/a>. Probefahren kann man nat\u00fcrlich auch. \ud83d\ude42<br \/>\nDer Sport war ein wichtiger Ausgleich, um nicht durchzudrehen, wenn das Kind mal ordentlich schreit und einfach nicht aufh\u00f6ren will. Auch hier entwickelt man seine Beruhigungstechnik. Wiegen, singen und Fl\u00e4schchen funktionieren aber nicht immer. Nach einer Joggingrunde ist man einfach entspannter. Ich glaube das \u00fcbertr\u00e4gt sich auch aufs Kind und so hat man einen doppelten positiven Effekt. Nicht zu vergessen, im Babyjogger oder Anh\u00e4nger kann das Kind wunderbar ein Schl\u00e4fchen machen.<\/p>\n<p>In den ersten Monaten hat man noch recht viel Zeit f\u00fcr sich, weil Babies super viel schlafen und sich unterm Spielbogen ganz gut selbst besch\u00e4ftigen. F\u00e4ngt das Kind an zu krabbeln, ist die entspannte Zeit so langsam vorbei. Kann das Kind erstmal laufen, dann f\u00e4ngt die Action an. Am besten rechtzeitig Schr\u00e4nke und vor allem Steckdosen sichern. Ein paar Schr\u00e4nke und Schubladen sollten man allerdings unbedingt f\u00fcr die Kleinen reservieren, damit sie ihre Neugier befriedigen und sich austoben k\u00f6nnen.<\/p>\n<p>Es ist erstaunlich wie schnell sich ein Kind vom Krabbelmonster zum Kletteraffen entwickelt. Nichts ist mehr sicher vor den kleinen Fingerchen. Na logisch kommt Zo\u00e9 ans iPhone ran obwohl es mitten auf dem K\u00fcchentisch liegt. Einfach auf den Stuhl klettern und zapp, ist das iPhone weg. Klar wei\u00df Zo\u00e9 wie man das Teil entsperrt und spielt munter mit ihren Apps&#8230;<br \/>\nViel Zeit f\u00fcr sich selbst bleibt jetzt nicht mehr. Die Nickerchen reduzieren sich auch einen 1-2 Std. Mittagsschlaf. Nicht selten war ich froh, auch mal ein Schl\u00e4fchen machen zu k\u00f6nnen. Von morgens bis abends auf so ein Energieb\u00fcndel aufzupassen, ist ganz sch\u00f6n anstrengend.<\/p>\n<p>Je \u00e4lter das Kind wird, um so sch\u00f6ner und auch unkomplizierter wird die gemeinsame Zeit. Eine liebevolle Umarmung entsch\u00e4digt f\u00fcr die zahllosen schlaflosen N\u00e4chte in den letzten Monaten. Die Kommunikation wird einfacher. Das Kind kann ja jetzt sprechen. Es sagt einem wenn es Durst hat oder m\u00fcde ist. Leider bricht auch ab und zu der kleine Dickkopf durch und spricht nichts anderes au\u00dfer das Lieblingswort &#8222;Nein&#8220;. Aber auch das ist kein Problem. Dann essen wir halt sp\u00e4ter&#8230;<br \/>\nWas macht man den ganzen Tag mit so einem Wirbelwind? Zum Gl\u00fcck gibt&#8217;s wahnsinnig viel tolles Spielzeug f\u00fcr die Kleinen. Bequem im Netzt bestellt oder von Freunden geliehen. Inzwischen steht eine fette Rutsche im Wohnzimmer, eine B\u00e4lleburg, etliche Schaukelpferdchen, Bobby Car, Lego Duplo und hunderte Kinderb\u00fccher. Babypuppe, Kuscheltiere, Holzspielzeug usw. geh\u00f6ren zum Grundsortiment. Wirklich interessant sind aber Papa&#8217;s Geldbeutel, iPhone, Maus, Dinge aus dem Alltag, die unsere kleinen Monster eigentlich nicht in die Mangel nehmen sollen. Tausend mal Nein sagen macht die Dinge nur noch interessanter. Die L\u00f6sung? Zo\u00e9 hat ihr eigenes Portemonnaie, iPhone, Fotoapparat und sogar eine Computermaus. Man mag es nicht glauben, aber das sind die wahren Lieblingsspielzeuge!<\/p>\n<p>Im Winter kommt es schon mal vor, dass man einen Lagerkoller kriegt. Drau\u00dfen sind&#8217;s -15 Grad, zu kalt f\u00fcr lange Schlittentouren. Mit dem Laufrad durch die K\u00fcche ist nicht das Gelbe vom Ei. Zum Gl\u00fcck gibt&#8217;s noch das warme Aquarium oder das Spa\u00dfbad, zwei echte Highlights.<\/p>\n<p>Im Sommer verbringt doch deutlich mehr Zeit im Freien und die kleinen Energieb\u00fcndel bl\u00fchen so richtig auf. Auf dem Spielplatz, am Strand, im Streichelzoo oder im Baumhaus, die M\u00f6glichkeiten sind unbegrenzt. Endlich muss man dem wild um sich schlagenden Monster keine 5 Schichten mehr anziehen. Allerdings geh\u00f6rt Sonnencreme auftragen auch nicht zu den einfachen Dingen&#8230;<\/p>\n<p>Mit einem Jahr bringe ich Zo\u00e9 zum ersten mal in die Kita. Ich habe nur Horrorgeschichten \u00fcber die Eingew\u00f6hnungsphase geh\u00f6rt&#8230; Entwarnung! Alles halb so schlimm! Klar weint die Prinzessin wenn der Papa sie zum ersten mal allein l\u00e4sst, aber nach ein paar Wochen weint sie auch, weil sie nicht nach Hause will!!<br \/>\nKindergarten ist toll! Was die Kleinen hier mit ihren Freunden erleben, das kann Papa zuhause nicht bieten. Aber daheim ist es auch sch\u00f6n. Wenn der Papa die interaktive Gute Nacht Geschichte auf dem iPad vorliest und Zo\u00e9 im Arm einschl\u00e4ft, das gibt&#8217;s nicht in der Kita.<br \/>\nSo weh es auch tut, seine Prinzessin in der Kita abzugeben, ich bin auch froh, wieder ein wenig Zeit f\u00fcr mich zu haben, auch wenn ich den Gro\u00dfteil der Zeit arbeiten muss. Um so sch\u00f6ner ist das Wiedersehen und die Zeit bis zum Schlafengehen.<\/p>\n<p>H\u00e4tte ich noch ein paar Monate Elternzeit, w\u00fcrde ich noch ein paar Kinder aus der Nachbarschaft einsammeln und selbst einen Kindergarten aufmachen. Dann k\u00f6nnen sich die kleinen Racker gegenseitig besch\u00e4ftigen und ich leg mich in die Sonne. haha.<br \/>\nIch kann jedem nur die M\u00f6glichkeit des Erziehungsurlaubs ans Herz legen. Das ist eine tolle Zeit.<\/p>\n","protected":false},"excerpt":{"rendered":"<p>Damit Stephan weiss, was auf ihn drauf zu kommt, habe ich schnell mal ein paar Zeilen getippt. So ein kleiner Wurm ver\u00e4ndert alles. Man muss sich zwar in einigen Bereichen einschr\u00e4nken, aber es lohnt sich&#8230; \ud83d\ude42<\/p>\n","protected":false},"author":2,"featured_media":1593,"comment_status":"closed","ping_status":"open","sticky":false,"template":"","format":"standard","meta":{"ngg_post_thumbnail":0},"categories":[37],"tags":[91,93,92,90],"_links":{"self":[{"href":"http:\/\/www.spokes.de\/index.php?rest_route=\/wp\/v2\/posts\/1592"}],"collection":[{"href":"http:\/\/www.spokes.de\/index.php?rest_route=\/wp\/v2\/posts"}],"about":[{"href":"http:\/\/www.spokes.de\/index.php?rest_route=\/wp\/v2\/types\/post"}],"author":[{"embeddable":true,"href":"http:\/\/www.spokes.de\/index.php?rest_route=\/wp\/v2\/users\/2"}],"replies":[{"embeddable":true,"href":"http:\/\/www.spokes.de\/index.php?rest_route=%2Fwp%2Fv2%2Fcomments&post=1592"}],"version-history":[{"count":9,"href":"http:\/\/www.spokes.de\/index.php?rest_route=\/wp\/v2\/posts\/1592\/revisions"}],"predecessor-version":[{"id":2647,"href":"http:\/\/www.spokes.de\/index.php?rest_route=\/wp\/v2\/posts\/1592\/revisions\/2647"}],"wp:featuredmedia":[{"embeddable":true,"href":"http:\/\/www.spokes.de\/index.php?rest_route=\/wp\/v2\/media\/1593"}],"wp:attachment":[{"href":"http:\/\/www.spokes.de\/index.php?rest_route=%2Fwp%2Fv2%2Fmedia&parent=1592"}],"wp:term":[{"taxonomy":"category","embeddable":true,"href":"http:\/\/www.spokes.de\/index.php?rest_route=%2Fwp%2Fv2%2Fcategories&post=1592"},{"taxonomy":"post_tag","embeddable":true,"href":"http:\/\/www.spokes.de\/index.php?rest_route=%2Fwp%2Fv2%2Ftags&post=1592"}],"curies":[{"name":"wp","href":"https:\/\/api.w.org\/{rel}","templated":true}]}}